{"id":6169,"date":"2022-01-22T15:48:20","date_gmt":"2022-01-22T14:48:20","guid":{"rendered":"https:\/\/hb9sota.ch\/?p=6169"},"modified":"2024-09-11T13:29:30","modified_gmt":"2024-09-11T11:29:30","slug":"hb9sota-winterwanderung-am-19-02-2022-ausweichdatum-26-02-2022","status":"publish","type":"post","link":"https:\/\/hb9sota.ch\/it\/blog\/hb9sota-winterwanderung-am-19-02-2022-ausweichdatum-26-02-2022\/","title":{"rendered":"HB9SOTA Winterwanderung am 19.02.2022 (Ausweichdatum 26.02.2022)"},"content":{"rendered":"\n<p><\/p>\n\n\n\n<p><a href=\"https:\/\/hb9sota.ch\/fr\/?p=6171\" data-type=\"URL\" data-id=\"https:\/\/hb9sota.ch\/fr\/?p=6171\">Version fran\u00e7aise ici. <\/a><br><a href=\"https:\/\/hb9sota.ch\/en\/?p=6181\" data-type=\"URL\" data-id=\"https:\/\/hb9sota.ch\/en\/?p=6181\">English version here. <\/a><\/p>\n\n\n\n<p><\/p>\n\n\n\n<p>Liebe Mitglieder von HB9SOTA, <\/p>\n\n\n\n<p>trotz der aktuellen COVID Situation haben wir uns entschlossen, die geplante Winterwanderung auf den Dossen <a href=\"https:\/\/sotl.as\/summits\/HB\/SZ-035\" data-type=\"URL\" data-id=\"https:\/\/sotl.as\/summits\/HB\/SZ-035\">https:\/\/sotl.as\/summits\/HB\/SZ-035<\/a> durchzuf\u00fchren. Der Gipfel ist mit Schneeschuhen von der Bergstation der Seilbahn Rigi-Scheidegg aus in einer Entfernung von gut 2km erreichbar. Weitere Alternativen findet Ihr auf sotl.as wenn Ihr den Link vom Summit klickt. <\/p>\n\n\n\n<p>Die Aktivierung selbst ist eine sportliche Aktivit\u00e4t in der Freizeit, die im Freien stattfindet. Somit gibt es Stand heute keine Beschr\u00e4nkungen seitens des BAG oder eine Maskentragepflicht. Jeder teilnehmende Aktivierer handelt somit eigenverantwortlich. <\/p>\n\n\n\n<p>F\u00fcr diejenigen, die sich im Anschluss auf ein gem\u00fctliches Beisammensein treffen m\u00f6chten, reservieren wir im Berggasthaus Rigi-Scheidegg um 15:00h einen Tisch. Bitte beachtet, dass hier eine Zertifikatspflicht mit 2G (Geimpft oder genesen) gilt. <\/p>\n\n\n\n<p> <a href=\"https:\/\/www.rigi-scheidegg.ch\/\" data-type=\"URL\" data-id=\"https:\/\/www.rigi-scheidegg.ch\/\">https:\/\/www.rigi-scheidegg.ch\/<\/a><\/p>\n\n\n\n<p>F\u00fcr die Planung der Teilnehmerzahl, insbesondere f\u00fcr die Tischreservierung. habe ich eine Doodle Umfrage erstellt.  Bitte f\u00fcllt diese bis sp\u00e4testens am 12. Februar aus,  und teilt mir mit, ob Ihr an der Wanderung am 19.2., oder bei Schlechtwetter am Ersatztermin 26.2. teilnehmen w\u00fcrdet, und auch ob Ihr beim gem\u00fctlichen Beisammensein mit 2G Zeetifikatspflicht dabei sein m\u00f6chtet. Hier der Link zur Umfrage:  <a href=\"https:\/\/doodle.com\/poll\/asv2yeiwu9az6b46?utm_source=poll&amp;utm_medium=link\" data-type=\"URL\" data-id=\"https:\/\/doodle.com\/poll\/asv2yeiwu9az6b46?utm_source=poll&amp;utm_medium=link\">https:\/\/doodle.com\/poll\/asv2yeiwu9az6b46?utm_source=poll&amp;utm_medium=link<\/a><\/p>\n\n\n\n<p>Am 13.2. werde ich anhand der R\u00fcckmeldungen die Tischreservation definitiv t\u00e4tigen.  Kurz vor dem Termin werden wir dann anhand des Wetterberichts entscheiden, ob die Wanderung stattfindet, oder auf den Ausweichtermin verschoben wird. <\/p>\n\n\n\n<p>Sollte sich die COVID Situation \u00e4ndern, insbesondere die geltenden Vorschriften f\u00fcr die Benutzung der Rigi-Bahnen oder in der Gastronomie, behalten wir uns vor, den Termin abzusagen. <\/p>\n\n\n\n<p>Hinweis zum Datenschutz: Bei dieser Aktivit\u00e4t k\u00f6nnen Fotos gemacht werden, die imHB9SOTA Newsletter oder im Internet ver\u00f6ffentlicht werden k\u00f6nnen. Wir bitten diejenigen Teilnehmer, die eine Ver\u00f6ffentlichung nicht w\u00fcnschen, dies mit dem Fotografierenden entsprechend abzustimmen. Ansonsten gehen wir vom Einverst\u00e4ndnis der Teilnehmer zur Ver\u00f6ffentlichung aus. <\/p>\n\n\n\n<p>73 Jens HB9EKO<br>Pr\u00e4sident HB9SOTA<\/p>\n","protected":false},"excerpt":{"rendered":"<p>Version fran\u00e7aise ici. English version here. Liebe Mitglieder von HB9SOTA, trotz der aktuellen COVID Situation haben wir uns entschlossen, die geplante Winterwanderung auf den Dossen https:\/\/sotl.as\/summits\/HB\/SZ-035 durchzuf\u00fchren. Der Gipfel ist mit Schneeschuhen von der Bergstation der Seilbahn Rigi-Scheidegg aus in &hellip;<\/p>\n<p class=\"read-more\"> <a class=\"more-link\" href=\"https:\/\/hb9sota.ch\/it\/blog\/hb9sota-winterwanderung-am-19-02-2022-ausweichdatum-26-02-2022\/\"> <span class=\"screen-reader-text\">HB9SOTA Winterwanderung am 19.02.2022 (Ausweichdatum 26.02.2022)<\/span> Leggi tutto &raquo;<\/a><\/p>\n","protected":false},"author":133,"featured_media":0,"comment_status":"closed","ping_status":"closed","sticky":false,"template":"","format":"standard","meta":{"publish_to_discourse":"","publish_post_category":"","wpdc_auto_publish_overridden":"","wpdc_topic_tags":"","wpdc_pin_topic":"","wpdc_pin_until":"","discourse_post_id":"","discourse_permalink":"","wpdc_publishing_response":"","wpdc_publishing_error":"","footnotes":""},"categories":[160],"tags":[],"class_list":["post-6169","post","type-post","status-publish","format-standard","hentry","category-ultime-notizie"],"_links":{"self":[{"href":"https:\/\/hb9sota.ch\/it\/wp-json\/wp\/v2\/posts\/6169","targetHints":{"allow":["GET"]}}],"collection":[{"href":"https:\/\/hb9sota.ch\/it\/wp-json\/wp\/v2\/posts"}],"about":[{"href":"https:\/\/hb9sota.ch\/it\/wp-json\/wp\/v2\/types\/post"}],"author":[{"embeddable":true,"href":"https:\/\/hb9sota.ch\/it\/wp-json\/wp\/v2\/users\/133"}],"replies":[{"embeddable":true,"href":"https:\/\/hb9sota.ch\/it\/wp-json\/wp\/v2\/comments?post=6169"}],"version-history":[{"count":8,"href":"https:\/\/hb9sota.ch\/it\/wp-json\/wp\/v2\/posts\/6169\/revisions"}],"predecessor-version":[{"id":6194,"href":"https:\/\/hb9sota.ch\/it\/wp-json\/wp\/v2\/posts\/6169\/revisions\/6194"}],"wp:attachment":[{"href":"https:\/\/hb9sota.ch\/it\/wp-json\/wp\/v2\/media?parent=6169"}],"wp:term":[{"taxonomy":"category","embeddable":true,"href":"https:\/\/hb9sota.ch\/it\/wp-json\/wp\/v2\/categories?post=6169"},{"taxonomy":"post_tag","embeddable":true,"href":"https:\/\/hb9sota.ch\/it\/wp-json\/wp\/v2\/tags?post=6169"}],"curies":[{"name":"wp","href":"https:\/\/api.w.org\/{rel}","templated":true}]}}