{"id":11534,"date":"2025-10-15T18:17:06","date_gmt":"2025-10-15T16:17:06","guid":{"rendered":"https:\/\/hb9sota.ch\/?p=11534"},"modified":"2025-10-15T18:17:08","modified_gmt":"2025-10-15T16:17:08","slug":"regionaltreffen-in-schiers-und-rapperswil","status":"publish","type":"post","link":"https:\/\/hb9sota.ch\/it\/blog\/regionaltreffen-in-schiers-und-rapperswil\/","title":{"rendered":"Regionaltreffen in Schiers und Rapperswil"},"content":{"rendered":"\n<p>Liebe Mitglieder von HB9SOTA,<\/p>\n\n\n\n<p>F\u00fcr die Regionaltreffen in Schiers am 14.11.25, sowie in Rapperswil am 21.11.25 sind jetzt die Links f\u00fcr die Umfrage zur Anmeldung auf der Website in den Eintr\u00e4gen im Jahresprogramm verf\u00fcgbar.<\/p>\n\n\n\n<p>F\u00fcr die Regionaltreffen im Dezember (Lausanne und Zofingen) folgen diese demn\u00e4chst.  <\/p>\n\n\n\n<p>73 Jens HB9EKO<\/p>\n\n\n\n<figure class=\"wp-block-embed is-type-wp-embed is-provider-hb-9-sota wp-block-embed-hb-9-sota\"><div class=\"wp-block-embed__wrapper\">\n<blockquote class=\"wp-embedded-content\" data-secret=\"gktXnWxfAU\"><a href=\"https:\/\/hb9sota.ch\/jahresprogramm\/\">Jahresprogramm<\/a><\/blockquote><iframe loading=\"lazy\" class=\"wp-embedded-content\" sandbox=\"allow-scripts\" security=\"restricted\" style=\"position: absolute; visibility: hidden;\" title=\"&#171;Jahresprogramm&#187; &#8212; HB9SOTA\" src=\"https:\/\/hb9sota.ch\/jahresprogramm\/embed\/#?secret=j8gsjtiiKw#?secret=gktXnWxfAU\" data-secret=\"gktXnWxfAU\" width=\"600\" height=\"338\" frameborder=\"0\" marginwidth=\"0\" marginheight=\"0\" scrolling=\"no\"><\/iframe>\n<\/div><\/figure>\n\n\n\n<p><\/p>\n","protected":false},"excerpt":{"rendered":"<p>Liebe Mitglieder von HB9SOTA, F\u00fcr die Regionaltreffen in Schiers am 14.11.25, sowie in Rapperswil am 21.11.25 sind jetzt die Links f\u00fcr die Umfrage zur Anmeldung auf der Website in den Eintr\u00e4gen im Jahresprogramm verf\u00fcgbar. F\u00fcr die Regionaltreffen im Dezember (Lausanne &hellip;<\/p>\n<p class=\"read-more\"> <a class=\"more-link\" href=\"https:\/\/hb9sota.ch\/it\/blog\/regionaltreffen-in-schiers-und-rapperswil\/\"> <span class=\"screen-reader-text\">Regionaltreffen in Schiers und Rapperswil<\/span> Leggi tutto &raquo;<\/a><\/p>\n","protected":false},"author":133,"featured_media":0,"comment_status":"closed","ping_status":"closed","sticky":false,"template":"","format":"standard","meta":{"publish_to_discourse":"","publish_post_category":"13","wpdc_auto_publish_overridden":"","wpdc_topic_tags":"","wpdc_pin_topic":"","wpdc_pin_until":"","discourse_post_id":"96","discourse_permalink":"https:\/\/forum.hb9sota.ch\/t\/regionaltreffen-in-schiers-und-rapperswil\/60","wpdc_publishing_response":"success","wpdc_publishing_error":"","footnotes":""},"categories":[129],"tags":[],"class_list":["post-11534","post","type-post","status-publish","format-standard","hentry","category-aktuelles"],"_links":{"self":[{"href":"https:\/\/hb9sota.ch\/it\/wp-json\/wp\/v2\/posts\/11534","targetHints":{"allow":["GET"]}}],"collection":[{"href":"https:\/\/hb9sota.ch\/it\/wp-json\/wp\/v2\/posts"}],"about":[{"href":"https:\/\/hb9sota.ch\/it\/wp-json\/wp\/v2\/types\/post"}],"author":[{"embeddable":true,"href":"https:\/\/hb9sota.ch\/it\/wp-json\/wp\/v2\/users\/133"}],"replies":[{"embeddable":true,"href":"https:\/\/hb9sota.ch\/it\/wp-json\/wp\/v2\/comments?post=11534"}],"version-history":[{"count":1,"href":"https:\/\/hb9sota.ch\/it\/wp-json\/wp\/v2\/posts\/11534\/revisions"}],"predecessor-version":[{"id":11535,"href":"https:\/\/hb9sota.ch\/it\/wp-json\/wp\/v2\/posts\/11534\/revisions\/11535"}],"wp:attachment":[{"href":"https:\/\/hb9sota.ch\/it\/wp-json\/wp\/v2\/media?parent=11534"}],"wp:term":[{"taxonomy":"category","embeddable":true,"href":"https:\/\/hb9sota.ch\/it\/wp-json\/wp\/v2\/categories?post=11534"},{"taxonomy":"post_tag","embeddable":true,"href":"https:\/\/hb9sota.ch\/it\/wp-json\/wp\/v2\/tags?post=11534"}],"curies":[{"name":"wp","href":"https:\/\/api.w.org\/{rel}","templated":true}]}}