{"id":8391,"date":"2024-01-02T19:05:31","date_gmt":"2024-01-02T18:05:31","guid":{"rendered":"https:\/\/hb9sota.ch\/?p=8391"},"modified":"2024-09-11T13:29:29","modified_gmt":"2024-09-11T11:29:29","slug":"hb9sota-randonnee-dhiver-2","status":"publish","type":"post","link":"https:\/\/hb9sota.ch\/fr\/blog\/hb9sota-randonnee-dhiver-2\/","title":{"rendered":"HB9SOTA Randonn\u00e9e d&rsquo;Hiver 2024"},"content":{"rendered":"\n<p>Cette ann\u00e9e, notre randonn\u00e9e d&rsquo;hiver se passera au J\u00e4nzi, <a href=\"https:\/\/sotl.as\/summits\/HB\/OW-022\">HB\/OW-022<\/a> le 27.1.24 (Date de r\u00e9serve\u00a0: 3.2.).<\/p>\n\n\n\n<p>Le d\u00e9part de la randonn\u00e9e est Langis, \u00e0 la Glaubenbergstrasse, o\u00f9 se trouvent un parking et un arr\u00eat de car postal.<\/p>\n\n\n\n<p>La randonn\u00e9e vers le J\u00e4nzi est plut\u00f4t destin\u00e9e aux personnes actives en bonne condition physique: la distance entre le point de d\u00e9part et le sommet est de presque 6 km avec une diff\u00e9rence d&rsquo;altitude d&rsquo;un peu plus de 300 m, ce qui n&rsquo;est pas n\u00e9gligeable avec des raquettes \u00e0 neige.<\/p>\n\n\n\n<p>Apr\u00e8s la randonn\u00e9e, nous nous retrouverons au Restaurant Jordan, Jordanstrasse 12, 6060 Sarnen pour une r\u00e9union, bien entendu aussi pour ceux qui ne souhaitent pas participer \u00e0 la randonn\u00e9e, mais seulement \u00e0 l&rsquo;ap\u00e9ritif. (L&rsquo;H\u00f4tel de Montagne Langis ne voulait pas faire une r\u00e9servation pour le 27.1. \u00e0 cause d&rsquo;une course de ski, seulement pour la date de r\u00e9serve)<\/p>\n\n\n\n<p>Merci de remplir l&rsquo;enqu\u00eate jusqu&rsquo;au mardi, 23.1.(s\u00e9paremment pour randonn\u00e9e et ap\u00e9ro): <a href=\"https:\/\/nuudel.digitalcourage.de\/QMbnJsAhVs6cvT5w\">https:\/\/nuudel.digitalcourage.de\/QMbnJsAhVs6cvT5w<\/a><\/p>\n\n\n\n<p><\/p>\n\n\n\n<figure class=\"wp-block-image size-full\"><a href=\"https:\/\/hb9sota.ch\/wp-content\/uploads\/2024\/01\/grafik.png\"><img loading=\"lazy\" decoding=\"async\" width=\"749\" height=\"471\" src=\"https:\/\/hb9sota.ch\/wp-content\/uploads\/2024\/01\/grafik.png\" alt=\"\" class=\"wp-image-8392\" srcset=\"https:\/\/hb9sota.ch\/wp-content\/uploads\/2024\/01\/grafik.png 749w, https:\/\/hb9sota.ch\/wp-content\/uploads\/2024\/01\/grafik-300x189.png 300w, https:\/\/hb9sota.ch\/wp-content\/uploads\/2024\/01\/grafik-100x63.png 100w, https:\/\/hb9sota.ch\/wp-content\/uploads\/2024\/01\/grafik-150x94.png 150w, https:\/\/hb9sota.ch\/wp-content\/uploads\/2024\/01\/grafik-200x126.png 200w, https:\/\/hb9sota.ch\/wp-content\/uploads\/2024\/01\/grafik-450x283.png 450w, https:\/\/hb9sota.ch\/wp-content\/uploads\/2024\/01\/grafik-600x377.png 600w\" sizes=\"auto, (max-width: 749px) 100vw, 749px\" \/><\/a><\/figure>\n","protected":false},"excerpt":{"rendered":"<p>Cette ann\u00e9e, notre randonn\u00e9e d&rsquo;hiver se passera au J\u00e4nzi, HB\/OW-022 le 27.1.24 (Date de r\u00e9serve\u00a0: 3.2.). Le d\u00e9part de la randonn\u00e9e est Langis, \u00e0 la Glaubenbergstrasse, o\u00f9 se trouvent un parking et un arr\u00eat de car postal. La randonn\u00e9e vers &hellip;<\/p>\n<p class=\"read-more\"> <a class=\"more-link\" href=\"https:\/\/hb9sota.ch\/fr\/blog\/hb9sota-randonnee-dhiver-2\/\"> <span class=\"screen-reader-text\">HB9SOTA Randonn\u00e9e d&rsquo;Hiver 2024<\/span> Read More &raquo;<\/a><\/p>\n","protected":false},"author":133,"featured_media":0,"comment_status":"closed","ping_status":"closed","sticky":false,"template":"","format":"standard","meta":{"publish_to_discourse":"","publish_post_category":"","wpdc_auto_publish_overridden":"","wpdc_topic_tags":"","wpdc_pin_topic":"","wpdc_pin_until":"","discourse_post_id":"","discourse_permalink":"","wpdc_publishing_response":"","wpdc_publishing_error":"","footnotes":""},"categories":[28],"tags":[],"class_list":["post-8391","post","type-post","status-publish","format-standard","hentry","category-actualites"],"_links":{"self":[{"href":"https:\/\/hb9sota.ch\/fr\/wp-json\/wp\/v2\/posts\/8391","targetHints":{"allow":["GET"]}}],"collection":[{"href":"https:\/\/hb9sota.ch\/fr\/wp-json\/wp\/v2\/posts"}],"about":[{"href":"https:\/\/hb9sota.ch\/fr\/wp-json\/wp\/v2\/types\/post"}],"author":[{"embeddable":true,"href":"https:\/\/hb9sota.ch\/fr\/wp-json\/wp\/v2\/users\/133"}],"replies":[{"embeddable":true,"href":"https:\/\/hb9sota.ch\/fr\/wp-json\/wp\/v2\/comments?post=8391"}],"version-history":[{"count":2,"href":"https:\/\/hb9sota.ch\/fr\/wp-json\/wp\/v2\/posts\/8391\/revisions"}],"predecessor-version":[{"id":8398,"href":"https:\/\/hb9sota.ch\/fr\/wp-json\/wp\/v2\/posts\/8391\/revisions\/8398"}],"wp:attachment":[{"href":"https:\/\/hb9sota.ch\/fr\/wp-json\/wp\/v2\/media?parent=8391"}],"wp:term":[{"taxonomy":"category","embeddable":true,"href":"https:\/\/hb9sota.ch\/fr\/wp-json\/wp\/v2\/categories?post=8391"},{"taxonomy":"post_tag","embeddable":true,"href":"https:\/\/hb9sota.ch\/fr\/wp-json\/wp\/v2\/tags?post=8391"}],"curies":[{"name":"wp","href":"https:\/\/api.w.org\/{rel}","templated":true}]}}