{"id":6940,"date":"2022-11-08T09:12:41","date_gmt":"2022-11-08T08:12:41","guid":{"rendered":"https:\/\/hb9sota.ch\/blog\/hb9sota-regionaltreffen-hb9sota-rencontre-rgionale\/"},"modified":"2024-09-11T13:29:29","modified_gmt":"2024-09-11T11:29:29","slug":"hb9sota-regionaltreffen-hb9sota-rencontre-rgionale","status":"publish","type":"post","link":"https:\/\/hb9sota.ch\/fr\/blog\/hb9sota-regionaltreffen-hb9sota-rencontre-rgionale\/","title":{"rendered":"HB9SOTA Regionaltreffen \/ HB9SOTA Rencontre r\u00e9gionale"},"content":{"rendered":"<p>Liebe SOTA Freunde<\/p>\n<p>Die Feiertrage r\u00fccken n\u00e4her und bald geht ein weiteres, erfolgreiches SOTA Jahr zu ende.<\/p>\n<p>Da wir uns dieses Jahr aufgrund des schlechten September Wetters nicht auf der Sommerwanderung treffen konnten, haben wir nach M\u00f6glichkeiten gesucht, wie wir uns nochmals treffen k\u00f6nnten.<\/p>\n<p>Wir m\u00f6chten spontan zu verschiedenen regionalen Treffen einladen.<\/p>\n<p><strong>Am Do 24.11.2022 ab 18:30 in der Autobahnrastst\u00e4tte Glarnerland,<br \/>\n<a href=\"https:\/\/www.marche.ch\/de\/marche_glarnerland.html\">https:\/\/www.marche.ch\/de\/marche_glarnerland.html<\/a> <\/strong><\/p>\n<p><strong>Am Do 01.12.2022 ab 18:30 Hotel Restaurant Alpina, Scharbachsrasse 5, 7220 Schiers, 081 328 12 12, <a href=\"https:\/\/www.alpina-schiers.ch\/anreise\/\">https:\/\/www.alpina-schiers.ch\/anreise\/<\/a> <\/strong><\/p>\n<p><strong>Am Do 08.12.2022 ab 18:30\u00a0 \u00e0 la gare de Fribourg au sympathique<br \/>\n\u00ab\u00a0Caf\u00e9 Culturel de l&rsquo;Ancienne Gare\u00a0\u00bb. <a href=\"https:\/\/www.cafeanciennegare.ch\/\" target=\"_blank\" rel=\"noreferrer noopener\">https:\/\/www.cafeanciennegare.ch\/<\/a><br \/>\n<\/strong><\/p>\n<p><strong>\u00a0<\/strong><\/p>\n<p>Ein Treffen in der Region Aargau wird je nach Interesse ebenfalls noch geplant.<\/p>\n<p>Lasst uns wissen ob wir mit euch rechnen k\u00f6nnen: <a href=\"https:\/\/doodle.com\/meeting\/participate\/id\/egZ7vNGd\">https:\/\/doodle.com\/meeting\/participate\/id\/egZ7vNGd<\/a><\/p>\n<p>(Die obigen Treffen finden definitiv statt und sind nicht abh\u00e4ngig von der Doodle Umfrage)<\/p>\n<p>Lasst uns zusammen etwas trinken oder essen und \u00fcber unsere SOTA Abenteuer austauschen. Die Treffen k\u00f6nnen regional stattfinden, selbstverst\u00e4ndlich kann man bei gen\u00fcgend Zeit auch an allen Abenden teilnehmen. Lasst uns wissen falls ihr in einer weiteren Region, selbstst\u00e4ndig ein Treffen organisieren m\u00f6chtet.<\/p>\n<p>Wer mit der Anreise Schwierigkeiten hat, melde sich bitte fr\u00fchzeitig unter <a href=\"mailto:hb3xtz@gmail.com\" target=\"_blank\" rel=\"noopener\">hb3xtz@gmail.com<\/a> damit Fahrgemeinschaften organisiert werden k\u00f6nnen.<\/p>\n<p>73<\/p>\n<p>HB9PIM Ren\u00e9<\/p>\n<p>Chers amis SOTA<\/p>\n<p>Les jours f\u00e9ri\u00e9s approchent et une nouvelle ann\u00e9e SOTA r\u00e9ussie va bient\u00f4t se terminer.<\/p>\n<p>Comme nous n&rsquo;avons pas pu nous rencontrer cette ann\u00e9e lors de la randonn\u00e9e d&rsquo;\u00e9t\u00e9 en raison du mauvais temps de septembre, nous avons cherch\u00e9 des possibilit\u00e9s de nous rencontrer \u00e0 nouveau.<\/p>\n<p>Nous aimerions inviter spontan\u00e9ment \u00e0 diff\u00e9rentes rencontres r\u00e9gionales.<\/p>\n<p><strong>Am Do 24.11.2022 ab 18:30 in der Autobahnrastst\u00e4tte Glarnerland, <a href=\"https:\/\/www.marche.ch\/de\/marche_glarnerland.html\" target=\"_blank\" rel=\"noopener\">https:\/\/www.marche.ch\/de\/marche_glarnerland.html<\/a><\/strong><\/p>\n<p><strong>Am Do 01.12.2022 ab 18:30 Hotel Restaurant Alpina, Scharbachsrasse 5, 7220 Schiers, 081 328 12 12, <a href=\"https:\/\/www.alpina-schiers.ch\/anreise\/\">https:\/\/www.alpina-schiers.ch\/anreise\/<\/a> <\/strong><\/p>\n<p><strong> Am Do 08.12.2022 ab 18:30 im Kanton Freiburg, Ort: noch offen<\/strong><\/p>\n<p>Une rencontre dans la r\u00e9gion d&rsquo;Argovie sera \u00e9galement planifi\u00e9e en fonction de l&rsquo;int\u00e9r\u00eat.<\/p>\n<p>Faites-nous savoir si nous pouvons compter sur vous: <a href=\"https:\/\/doodle.com\/meeting\/participate\/id\/egZ7vNGd\">https:\/\/doodle.com\/meeting\/participate\/id\/egZ7vNGd<\/a><\/p>\n<p>(Les rencontres ci-dessus ont lieu d\u00e9finitivement et ne d\u00e9pendent pas du sondage Doodle).<\/p>\n<p>Buvons ou mangeons quelque chose ensemble et \u00e9changeons sur nos aventures SOTA. Les rencontres peuvent \u00eatre r\u00e9gionales, mais il est bien s\u00fbr possible de participer \u00e0 toutes les soir\u00e9es si l&rsquo;on dispose de suffisamment de temps.<\/p>\n<p>Faites-nous savoir si vous souhaitez organiser une rencontre dans une autre r\u00e9gion.<\/p>\n<p>Ceux qui ont des difficult\u00e9s \u00e0 se rendre sur place sont pri\u00e9s de s&rsquo;annoncer \u00e0 l&rsquo;avance \u00e0 <a href=\"mailto:hb3xtz@gmail.com\">hb3xtz@gmail.com<\/a> afin que le covoiturage puisse \u00eatre organis\u00e9.<\/p>\n<p>73<\/p>\n<p>HB9PIM Ren\u00e9<\/p>\n","protected":false},"excerpt":{"rendered":"<p>Liebe SOTA Freunde Die Feiertrage r\u00fccken n\u00e4her und bald geht ein weiteres, erfolgreiches SOTA Jahr zu ende. Da wir uns dieses Jahr aufgrund des schlechten September Wetters nicht auf der Sommerwanderung treffen konnten, haben wir nach M\u00f6glichkeiten gesucht, wie wir &hellip;<\/p>\n<p class=\"read-more\"> <a class=\"more-link\" href=\"https:\/\/hb9sota.ch\/fr\/blog\/hb9sota-regionaltreffen-hb9sota-rencontre-rgionale\/\"> <span class=\"screen-reader-text\">HB9SOTA Regionaltreffen \/ HB9SOTA Rencontre r\u00e9gionale<\/span> Read More &raquo;<\/a><\/p>\n","protected":false},"author":190,"featured_media":0,"comment_status":"closed","ping_status":"closed","sticky":false,"template":"","format":"standard","meta":{"publish_to_discourse":"","publish_post_category":"","wpdc_auto_publish_overridden":"","wpdc_topic_tags":"","wpdc_pin_topic":"","wpdc_pin_until":"","discourse_post_id":"","discourse_permalink":"","wpdc_publishing_response":"","wpdc_publishing_error":"","footnotes":""},"categories":[129],"tags":[],"class_list":["post-6940","post","type-post","status-publish","format-standard","hentry","category-aktuelles"],"_links":{"self":[{"href":"https:\/\/hb9sota.ch\/fr\/wp-json\/wp\/v2\/posts\/6940","targetHints":{"allow":["GET"]}}],"collection":[{"href":"https:\/\/hb9sota.ch\/fr\/wp-json\/wp\/v2\/posts"}],"about":[{"href":"https:\/\/hb9sota.ch\/fr\/wp-json\/wp\/v2\/types\/post"}],"author":[{"embeddable":true,"href":"https:\/\/hb9sota.ch\/fr\/wp-json\/wp\/v2\/users\/190"}],"replies":[{"embeddable":true,"href":"https:\/\/hb9sota.ch\/fr\/wp-json\/wp\/v2\/comments?post=6940"}],"version-history":[{"count":2,"href":"https:\/\/hb9sota.ch\/fr\/wp-json\/wp\/v2\/posts\/6940\/revisions"}],"predecessor-version":[{"id":7068,"href":"https:\/\/hb9sota.ch\/fr\/wp-json\/wp\/v2\/posts\/6940\/revisions\/7068"}],"wp:attachment":[{"href":"https:\/\/hb9sota.ch\/fr\/wp-json\/wp\/v2\/media?parent=6940"}],"wp:term":[{"taxonomy":"category","embeddable":true,"href":"https:\/\/hb9sota.ch\/fr\/wp-json\/wp\/v2\/categories?post=6940"},{"taxonomy":"post_tag","embeddable":true,"href":"https:\/\/hb9sota.ch\/fr\/wp-json\/wp\/v2\/tags?post=6940"}],"curies":[{"name":"wp","href":"https:\/\/api.w.org\/{rel}","templated":true}]}}