{"id":6171,"date":"2022-01-17T21:47:54","date_gmt":"2022-01-17T20:47:54","guid":{"rendered":"https:\/\/hb9sota.ch\/?p=6171"},"modified":"2022-01-24T11:30:08","modified_gmt":"2022-01-24T10:30:08","slug":"hb9sota-randonnee-dhiver-le-19-02-22-ou-le-26-02-22-date-de-reserve","status":"publish","type":"post","link":"https:\/\/hb9sota.ch\/fr\/blog\/hb9sota-randonnee-dhiver-le-19-02-22-ou-le-26-02-22-date-de-reserve\/","title":{"rendered":"HB9SOTA Randonn\u00e9e d&rsquo;Hiver le 19.02.22 ou le 26.02.22( date de r\u00e9serve)"},"content":{"rendered":"\n<p>Chers membres de HB9SOTA, <\/p>\n\n\n\n<p>Malgr\u00e9 la situation COVID actuelle, nous avons d\u00e9cid\u00e9 d&rsquo;effectuer la randonn\u00e9e d&rsquo;hiver HB9SOTA planifi\u00e9e au Dossen <a href=\"https:\/\/sotl.as\/summits\/HB\/SZ-035\" data-type=\"URL\" data-id=\"https:\/\/sotl.as\/summits\/HB\/SZ-035\">https:\/\/sotl.as\/summits\/HB\/SZ-035<\/a> . Le sommet est accessible avec des raquettes \u00e0 neige \u00e0 partir du sommet de la station de la t\u00e9l\u00e9cabine Rigi-Scheidegg. La distance se monte \u00e0 un peu plus que 2km. Il y a des routes alternatives que vous trouvez en cliquant sur le lien sotl.as du sommet. <\/p>\n\n\n\n<p>L&rsquo;activation elle-m\u00eame est classifi\u00e9e activit\u00e9 sportive durant les loisirs \u00e0 l&rsquo;ext\u00e9rieur. Donc du point de vue actuel, il n&rsquo;y a pas de restrictions de l&rsquo;OFSP ni une obligation de porter le masque.  Chaque activateur participe donc sous sa propre responsabilit\u00e9.  <\/p>\n\n\n\n<p>Pour ceux qui veulent participer \u00e0 une r\u00e9union confortable, nous r\u00e9servons une table au restaurant Rigi-Scheidegg \u00e0 15:00h. Merci de noter qu&rsquo; un certificat 2G (vaccin\u00e9 ou gu\u00e9ri) est obligatoire pour la participation.  <\/p>\n\n\n\n<p> <a href=\"https:\/\/www.rigi-scheidegg.ch\/\" data-type=\"URL\" data-id=\"https:\/\/www.rigi-scheidegg.ch\/\">https:\/\/www.rigi-scheidegg.ch\/<\/a><\/p>\n\n\n\n<p>Pour la planification et la r\u00e9servation des tables, j&rsquo;ai pr\u00e9par\u00e9 une enqu\u00eate Doodle. Merci de la remplir jusqu&rsquo;au 12 f\u00e9vrier avec l&rsquo;information si vous voulez participer \u00e0 la randonn\u00e9e du 19.2., ou du 26.2. (date de r\u00e9serve en cas de mauvais temps), et si vous \u00eates int\u00e9ress\u00e9s \u00e0 la r\u00e9union avec certificat 2G obligatoire. Voil\u00e0 le lien pour l&rsquo;enqu\u00eate:  <a href=\"https:\/\/doodle.com\/poll\/asv2yeiwu9az6b46?utm_source=poll&amp;utm_medium=link\" data-type=\"URL\" data-id=\"https:\/\/doodle.com\/poll\/asv2yeiwu9az6b46?utm_source=poll&amp;utm_medium=link\">https:\/\/doodle.com\/poll\/asv2yeiwu9az6b46?utm_source=poll&amp;utm_medium=link<\/a><\/p>\n\n\n\n<p>Le 13.2., je vais finaliser la r\u00e9servation des tables bas\u00e9e selon l&rsquo;enqu\u00eate. Quelques jours avant la date de la randonn\u00e9e, nous d\u00e9ciderons en fonction des conditions m\u00e9t\u00e9o si la randonn\u00e9e a lieu. En cas de mauvais temps, elle sera ajourn\u00e9e \u00e0 la date de r\u00e9serve du 26.2. <\/p>\n\n\n\n<p>Si la situation COVID change, sp\u00e9cialement les r\u00e8gles pour l&rsquo;utilisation des transports Rigi ou la restauration,  nous nous r\u00e9servons le droit d&rsquo;annuler la randonn\u00e9e. <\/p>\n\n\n\n<p>Notification concernant la protection de donn\u00e9es:  Pendant cette activit\u00e9, des photos peuvent \u00eatre faites qui pourraient \u00eatre ensuite publi\u00e9es dans le bulletin HB9SOTA ou sur internet. Nous prions les participants qui ne souhaitent pas que leurs photos soient publi\u00e9es de s&rsquo;entretenir avec avec le photographe.  Sinon,  nous partons du principe que les participants sont d&rsquo;accord avec la publication.<\/p>\n\n\n\n<p><\/p>\n\n\n\n<p>Meilleures 73<\/p>\n\n\n\n<p>Jens Nolte, HB9EKO<br>Pr\u00e9sident HB9SOTA <\/p>\n","protected":false},"excerpt":{"rendered":"<p>Chers membres de HB9SOTA, Malgr\u00e9 la situation COVID actuelle, nous avons d\u00e9cid\u00e9 d&rsquo;effectuer la randonn\u00e9e d&rsquo;hiver HB9SOTA planifi\u00e9e au Dossen https:\/\/sotl.as\/summits\/HB\/SZ-035 . Le sommet est accessible avec des raquettes \u00e0 neige \u00e0 partir du sommet de la station de la &hellip;<\/p>\n<p class=\"read-more\"> <a class=\"more-link\" href=\"https:\/\/hb9sota.ch\/fr\/blog\/hb9sota-randonnee-dhiver-le-19-02-22-ou-le-26-02-22-date-de-reserve\/\"> <span class=\"screen-reader-text\">HB9SOTA Randonn\u00e9e d&rsquo;Hiver le 19.02.22 ou le 26.02.22( date de r\u00e9serve)<\/span> Read More &raquo;<\/a><\/p>\n","protected":false},"author":133,"featured_media":0,"comment_status":"closed","ping_status":"closed","sticky":false,"template":"","format":"standard","meta":{"publish_to_discourse":"","publish_post_category":"","wpdc_auto_publish_overridden":"","wpdc_topic_tags":"","wpdc_pin_topic":"","wpdc_pin_until":"","discourse_post_id":"","discourse_permalink":"","wpdc_publishing_response":"","wpdc_publishing_error":"","footnotes":""},"categories":[28],"tags":[],"class_list":["post-6171","post","type-post","status-publish","format-standard","hentry","category-actualites"],"_links":{"self":[{"href":"https:\/\/hb9sota.ch\/fr\/wp-json\/wp\/v2\/posts\/6171","targetHints":{"allow":["GET"]}}],"collection":[{"href":"https:\/\/hb9sota.ch\/fr\/wp-json\/wp\/v2\/posts"}],"about":[{"href":"https:\/\/hb9sota.ch\/fr\/wp-json\/wp\/v2\/types\/post"}],"author":[{"embeddable":true,"href":"https:\/\/hb9sota.ch\/fr\/wp-json\/wp\/v2\/users\/133"}],"replies":[{"embeddable":true,"href":"https:\/\/hb9sota.ch\/fr\/wp-json\/wp\/v2\/comments?post=6171"}],"version-history":[{"count":6,"href":"https:\/\/hb9sota.ch\/fr\/wp-json\/wp\/v2\/posts\/6171\/revisions"}],"predecessor-version":[{"id":6206,"href":"https:\/\/hb9sota.ch\/fr\/wp-json\/wp\/v2\/posts\/6171\/revisions\/6206"}],"wp:attachment":[{"href":"https:\/\/hb9sota.ch\/fr\/wp-json\/wp\/v2\/media?parent=6171"}],"wp:term":[{"taxonomy":"category","embeddable":true,"href":"https:\/\/hb9sota.ch\/fr\/wp-json\/wp\/v2\/categories?post=6171"},{"taxonomy":"post_tag","embeddable":true,"href":"https:\/\/hb9sota.ch\/fr\/wp-json\/wp\/v2\/tags?post=6171"}],"curies":[{"name":"wp","href":"https:\/\/api.w.org\/{rel}","templated":true}]}}