{"id":1401,"date":"2015-05-08T16:41:21","date_gmt":"2015-05-08T15:41:21","guid":{"rendered":"http:\/\/hb9sota.ch\/?p=1401"},"modified":"2024-09-11T13:29:33","modified_gmt":"2024-09-11T11:29:33","slug":"eine-gemeinsame-sota-tour-auf-das-ussere-barrhorn-hbvs-078","status":"publish","type":"post","link":"https:\/\/hb9sota.ch\/fr\/blog\/eine-gemeinsame-sota-tour-auf-das-ussere-barrhorn-hbvs-078\/","title":{"rendered":"Eine gemeinsame SOTA-Tour auf das \u00dcssere Barrhorn (HB\/VS-078)"},"content":{"rendered":"<p>Die 10 j\u00e4hrige Vereinsgeschichte von HB9SOTA wollen wir auch mit einer\u00a0zweit\u00e4gigen Bergtour auf den h\u00f6chsten Wanderberg Europas feiern. Als Pr\u00e4sident\u00a0von HB9SOTA w\u00fcrde ich mich nat\u00fcrlich riesig freuen, wenn ich m\u00f6glichst viele\u00a0Mitglieder, Nichtmitglieder oder auch ausl\u00e4ndische Aktivierer an unserer\u00a0gemeinsamen Bergwanderung antreffen w\u00fcrde. Ihr d\u00fcrft f\u00fcr die Tour auf das\u00a0\u00dcssere Barrhorn, auch Schweizer Nichtmitglieder von HB9SOTA einladen, um sie\u00a0f\u00fcr das Bergfunken zu begeistern. Wir verlangen keine Geb\u00fchr f\u00fcr\u00a0Nicht-Mitglieder. In diesem Zusammenhang, erscheint auch noch eine Ank\u00fcndigung\u00a0im n\u00e4chsten HB Radio No. 4. Wenn ein hohes Interesse an einer gemeinsamen\u00a0Sota-Bergwanderung besteht, werden wir j\u00e4hrlich eine durchf\u00fchren. Wir k\u00f6nnten\u00a0im Jahre 2016 zum Beispiel auf den Wissigstock (HB\/OW-004) gehen. Eine absolut\u00a0ungef\u00e4hrliche T4-Wanderung mit und ohne \u00dcbernachtungsm\u00f6glichkeit in einer\u00a0SAC-H\u00fctte.<\/p>\n<p>Auf dem Weg und beim Nachtessen in der Turtma nh\u00fctte, k\u00f6nnen wir die\u00a0Kameradschaft zum Bergfunken pflegen. Hans, HB9BQU, und euer Pr\u00e4si haben diese\u00a0wunderbare und ungef\u00e4hrliche Bergwanderung am 24.07.2013 gemacht. Meinen\u00a0Bericht findet man <a title=\"Startpunkte HB9BIN\" href=\"https:\/\/hb9sota.ch\/parkplatz\/\">hier<\/a>.\u00a0Aufgrund der Erfahrungen mit dem damaligen Wetter habe ich das Datum f\u00fcr die\u00a0Tour einen Monat sp\u00e4ter festgelegt. Darf ich die interessierten Mitglieder\u00a0bitten, unserem Sekret\u00e4r Bruno und mir mitzuteilen, ob ein Interesse besteht,\u00a0an der Wandertour teilzunehmen. Je nach Wetterprognose teilen wir euch dann\u00a0mit, welches Datum wir w\u00e4hlen. Der Einfachheit halber, reserviert jeder die\u00a0Unterkunft unter der Telefonnummer 027 932 14 55 selbst\u00e4ndig. Die Turtmanh\u00fctte\u00a0hat Platz f\u00fcr 80 \u00dcbernachtungen. An einem Wochenende im August, ist sie aber\u00a0gem\u00e4ss Auskunft der H\u00fcttenwartin regelm\u00e4ssig ausgebucht. Daher bitte ich euch,\u00a0rechtzeitig zu reservieren.<\/p>\n<p>Bei der Klassierung T1 bis T6 wird diese Route mit T3+ im Hikr bewertet. Die\u00a0gef\u00e4hrlichste Stelle heisst \u00ab\u00a0G\u00e4ssli\u00a0\u00bb und ist teilweise mit Stahlseilen\u00a0gesichert.<\/p>\n<p>Der Treffpunkt ist am Samstag in der Turtmannh\u00fctte um zirka 17:30 f\u00fcr diejenigen, welche \u00fcbernachten wollen und f\u00fcr diejenigen, welche ohne \u00dcbernachtung laufen wollen, am Sonntag um 06:00.<\/p>\n<ul>\n<li>Datum\u00a0\u00a0\u00a0\u00a0\u00a0\u00a0\u00a0\u00a0\u00a0\u00a0\u00a0\u00a0\u00a0\u00a0\u00a0\u00a0\u00a0\u00a0\u00a0\u00a0\u00a0\u00a0\u00a0\u00a0\u00a0\u00a0\u00a0\u00a0\u00a0\u00a0\u00a0 22. &#8211; 23.8.2015<\/li>\n<li>Ausweichdatum\u00a0\u00a0\u00a0\u00a0\u00a0\u00a0\u00a0\u00a0\u00a0\u00a0\u00a0\u00a0\u00a0\u00a0 29. &#8211; 30.8.2015 (eine Woche sp\u00e4ter)<\/li>\n<li>Anreise\/Treffpunkt\u00a0\u00a0\u00a0\u00a0\u00a0\u00a0\u00a0\u00a0\u00a0 Die Anreise ist individuell. Wir treffen uns zum Nachtessen in der Turtmanh\u00fctte um zirka 17:30. F\u00fcr die Wanderung vom Parkplatz bis zur H\u00fctte braucht man f\u00fcr die 4.1km je nach Kondition 1 bis 2h.<\/li>\n<li>Verpflegung\/Unterkunft Abendessen, \u00dcbernachtung und Fr\u00fchst\u00fcck in der Turtmanh\u00fctte. Der Einfachheit halber reserviert jeder unter der Tel. 027\u00a0932 14 55 die Unterkunft selbst\u00e4ndig.<\/li>\n<li>Anzahl SOTA-Punkte\u00a0\u00a0\u00a0\u00a0 10 Punkte<\/li>\n<li>H\u00f6he\u00a0\u00a0\u00a0\u00a0\u00a0\u00a0\u00a0\u00a0\u00a0\u00a0\u00a0\u00a0\u00a0\u00a0\u00a0\u00a0\u00a0\u00a0\u00a0\u00a0\u00a0\u00a0\u00a0\u00a0\u00a0\u00a0\u00a0\u00a0\u00a0\u00a0\u00a0\u00a0\u00a0 3610 M.\u00fc.M.<\/li>\n<li><strong>Koordinaten\u00a0\u00a0\u00a0\u00a0\u00a0\u00a0\u00a0\u00a0\u00a0\u00a0\u00a0\u00a0\u00a0\u00a0\u00a0\u00a0\u00a0\u00a0\u00a0\u00a0\u00a0 <\/strong>HB\/VS-078<strong> N 4609.357 \/ E 744.046<\/strong><\/li>\n<li>Anfahrt\u00a0\u00a0\u00a0\u00a0\u00a0\u00a0\u00a0\u00a0\u00a0\u00a0\u00a0\u00a0\u00a0\u00a0\u00a0\u00a0\u00a0\u00a0\u00a0\u00a0\u00a0\u00a0\u00a0\u00a0\u00a0\u00a0\u00a0\u00a0\u00a0 Rhonetal \u2013 Turtmann \u2013 Turtmanntal \u2013 Gruben (N\u00a04612.580 \/ E 742.249) \u2013 Hungerli \u2013 <span style=\"text-decoration: underline;\">Vorder S\u00e4nnturm<\/span> (Parkplatz)<\/li>\n<li>Startkoordinaten\u00a0\u00a0\u00a0\u00a0\u00a0\u00a0\u00a0\u00a0\u00a0\u00a0\u00a0\u00a0\u00a0 <span style=\"text-decoration: underline;\">Vorder S\u00e4nnturm:<\/span>135 E741.754<\/li>\n<li>Wanderweg\u00a0\u00a0\u00a0\u00a0\u00a0\u00a0\u00a0\u00a0\u00a0\u00a0\u00a0\u00a0\u00a0\u00a0\u00a0\u00a0\u00a0\u00a0\u00a0\u00a0\u00a0 Gruben \u2013 S\u00e4nntum \u2013 Damm \u2013 <span style=\"text-decoration: underline;\">Turtmannh\u00fctte<\/span> (2519M.\u00fc.M) \u2013 <span style=\"text-decoration: underline;\">G\u00e4ssi <\/span>\u2013 beim Pkt.3090 links abzweigen \u2013 <span style=\"text-decoration: underline;\">\u00dcssersBarrhorn<\/span><\/li>\n<li>Schwierigkeitsgrad\u00a0\u00a0\u00a0\u00a0\u00a0\u00a0\u00a0\u00a0\u00a0 T3+ Die gef\u00e4hrlichste Stelle heisst \u201eG\u00e4ssli\u201c und ist teilweise mit Stahlseilen gesichert.<\/li>\n<li>Distanz \/ Wanderweg\u00a0\u00a0\u00a0\u00a0 Vorder S\u00e4nnturm bis Turtmannh\u00fctte 4.1km<br \/>\nDistanz Turtmannh\u00fctte \u2013 \u00dcssers Barrhorn: 4.37km<\/li>\n<li>Wanderzeit\u00a0\u00a0\u00a0\u00a0\u00a0\u00a0\u00a0\u00a0\u00a0\u00a0\u00a0\u00a0\u00a0\u00a0\u00a0\u00a0\u00a0\u00a0\u00a0\u00a0\u00a0\u00a0 Hin- und R\u00fcckweg: 9-11h je nach Kondition<\/li>\n<li>Antennentyp\u00a0\u00a0\u00a0\u00a0\u00a0\u00a0\u00a0\u00a0\u00a0\u00a0\u00a0\u00a0\u00a0\u00a0\u00a0\u00a0\u00a0\u00a0\u00a0 Es hat gen\u00fcgend Platz auf dem Gipfel, aber es hat nur ein Metallkreuz als Befestigungsm\u00f6glichkeit!<\/li>\n<li>Rig\u00a0\u00a0\u00a0\u00a0\u00a0\u00a0\u00a0\u00a0\u00a0\u00a0\u00a0\u00a0\u00a0\u00a0\u00a0\u00a0\u00a0\u00a0\u00a0\u00a0\u00a0\u00a0\u00a0\u00a0\u00a0\u00a0\u00a0\u00a0\u00a0\u00a0\u00a0\u00a0\u00a0\u00a0\u00a0\u00a0\u00a0 St\u00f6cke, Handschuhe und warme Kleider, aber nicht jeder muss vom Gewicht her eine Funkstation mitnehmen!<\/li>\n<li>Natelempfang\u00a0\u00a0\u00a0\u00a0\u00a0\u00a0\u00a0\u00a0\u00a0\u00a0\u00a0\u00a0\u00a0\u00a0\u00a0\u00a0\u00a0 ja<\/li>\n<\/ul>\n<p>&nbsp;<\/p>\n<p>Als Pr\u00e4si w\u00fcrde ich mich nat\u00fcrlich riesig freuen, wenn m\u00f6glichst viele an der gemeinsamen Bergwanderung teilnehmen k\u00f6nnten.<\/p>\n<p>73 de HB9BIN, J\u00fcrg Regli, Pr\u00e4sident HB9SOTA<\/p>\n<p>&nbsp;<\/p>\n","protected":false},"excerpt":{"rendered":"<p>Die 10 j\u00e4hrige Vereinsgeschichte von HB9SOTA wollen wir auch mit einer\u00a0zweit\u00e4gigen Bergtour auf den h\u00f6chsten Wanderberg Europas feiern. Als Pr\u00e4sident\u00a0von HB9SOTA w\u00fcrde ich mich nat\u00fcrlich riesig freuen, wenn ich m\u00f6glichst viele\u00a0Mitglieder, Nichtmitglieder oder auch ausl\u00e4ndische Aktivierer an unserer\u00a0gemeinsamen Bergwanderung antreffen &hellip;<\/p>\n<p class=\"read-more\"> <a class=\"more-link\" href=\"https:\/\/hb9sota.ch\/fr\/blog\/eine-gemeinsame-sota-tour-auf-das-ussere-barrhorn-hbvs-078\/\"> <span class=\"screen-reader-text\">Eine gemeinsame SOTA-Tour auf das \u00dcssere Barrhorn (HB\/VS-078)<\/span> Read More &raquo;<\/a><\/p>\n","protected":false},"author":1,"featured_media":0,"comment_status":"closed","ping_status":"open","sticky":false,"template":"","format":"standard","meta":{"publish_to_discourse":"","publish_post_category":"","wpdc_auto_publish_overridden":"","wpdc_topic_tags":"","wpdc_pin_topic":"","wpdc_pin_until":"","discourse_post_id":"","discourse_permalink":"","wpdc_publishing_response":"","wpdc_publishing_error":"","footnotes":""},"categories":[28],"tags":[],"class_list":["post-1401","post","type-post","status-publish","format-standard","hentry","category-actualites"],"_links":{"self":[{"href":"https:\/\/hb9sota.ch\/fr\/wp-json\/wp\/v2\/posts\/1401","targetHints":{"allow":["GET"]}}],"collection":[{"href":"https:\/\/hb9sota.ch\/fr\/wp-json\/wp\/v2\/posts"}],"about":[{"href":"https:\/\/hb9sota.ch\/fr\/wp-json\/wp\/v2\/types\/post"}],"author":[{"embeddable":true,"href":"https:\/\/hb9sota.ch\/fr\/wp-json\/wp\/v2\/users\/1"}],"replies":[{"embeddable":true,"href":"https:\/\/hb9sota.ch\/fr\/wp-json\/wp\/v2\/comments?post=1401"}],"version-history":[{"count":1,"href":"https:\/\/hb9sota.ch\/fr\/wp-json\/wp\/v2\/posts\/1401\/revisions"}],"predecessor-version":[{"id":1402,"href":"https:\/\/hb9sota.ch\/fr\/wp-json\/wp\/v2\/posts\/1401\/revisions\/1402"}],"wp:attachment":[{"href":"https:\/\/hb9sota.ch\/fr\/wp-json\/wp\/v2\/media?parent=1401"}],"wp:term":[{"taxonomy":"category","embeddable":true,"href":"https:\/\/hb9sota.ch\/fr\/wp-json\/wp\/v2\/categories?post=1401"},{"taxonomy":"post_tag","embeddable":true,"href":"https:\/\/hb9sota.ch\/fr\/wp-json\/wp\/v2\/tags?post=1401"}],"curies":[{"name":"wp","href":"https:\/\/api.w.org\/{rel}","templated":true}]}}