{"id":11360,"date":"2025-09-18T09:10:14","date_gmt":"2025-09-18T07:10:14","guid":{"rendered":"https:\/\/hb9sota.ch\/?p=11360"},"modified":"2025-09-21T22:34:35","modified_gmt":"2025-09-21T20:34:35","slug":"randonnee-dete-ouest","status":"publish","type":"post","link":"https:\/\/hb9sota.ch\/fr\/blog\/randonnee-dete-ouest\/","title":{"rendered":"Randonn\u00e9e d&rsquo;\u00e9t\u00e9 Ouest"},"content":{"rendered":"\n<p>Le 16 ao\u00f9t a eu lieu la randonn\u00e9e d\u2019\u00e9t\u00e9 romande au d\u00e9part du Val du Gros Mont entre Charmey et Im Fang dans la Gruy\u00e8re fribourgeoise.<br>Une tr\u00e8s belle journ\u00e9e pleine d\u2019\u00e9motions et de soleil.<\/p>\n\n\n\n<p>En deux mots voici le r\u00e9sum\u00e9 de la journ\u00e9e telle qu\u2019elle s\u2019est pass\u00e9e.<\/p>\n\n\n\n<p>Deux \u00e9quipes sont parties de leur c\u00f4t\u00e9 du Val du Gros Mont:<br>l\u2019un vers l\u2019Est, les germanophones qui ont activ\u00e9s la Hochmatt (HB\/FR-010) par deux voies diff\u00e9rentes.<br>Et l\u2019autre, les francophones forc\u00e9ment vers l\u2019Ouest qui sont mont\u00e9s au Gros Haut Cr\u00eat (HB\/FR-043).<\/p>\n\n\n\n<p>Quelques kilom\u00e8tres de mont\u00e9e plus tard et des beaux QSOs malgr\u00e9 des conditions de propagations difficiles, tout le monde s\u2019est retrouv\u00e9 avec beaucoup de plaisir \u00e0 la Buvette des Invuettes. Un grand moment de convivialit\u00e9 o\u00f9 l\u2019on a fait d\u00e9couvrir que \u00e0 notre invit\u00e9 californien Derrick K6SPX la double cr\u00e8me de la Gruy\u00e8re.<\/p>\n\n\n\n<figure class=\"wp-block-image size-full\"><a href=\"https:\/\/hb9sota.ch\/wp-content\/uploads\/2025\/09\/SWW-2.jpg\"><img loading=\"lazy\" decoding=\"async\" width=\"210\" height=\"375\" src=\"https:\/\/hb9sota.ch\/wp-content\/uploads\/2025\/09\/SWW-2.jpg\" alt=\"\" class=\"wp-image-11368\" srcset=\"https:\/\/hb9sota.ch\/wp-content\/uploads\/2025\/09\/SWW-2.jpg 210w, https:\/\/hb9sota.ch\/wp-content\/uploads\/2025\/09\/SWW-2-168x300.jpg 168w, https:\/\/hb9sota.ch\/wp-content\/uploads\/2025\/09\/SWW-2-100x179.jpg 100w, https:\/\/hb9sota.ch\/wp-content\/uploads\/2025\/09\/SWW-2-150x268.jpg 150w, https:\/\/hb9sota.ch\/wp-content\/uploads\/2025\/09\/SWW-2-200x357.jpg 200w\" sizes=\"auto, (max-width: 210px) 100vw, 210px\" \/><\/a><\/figure>\n\n\n\n<figure class=\"wp-block-image size-full\"><a href=\"https:\/\/hb9sota.ch\/wp-content\/uploads\/2025\/09\/SWW-1.jpg\"><img loading=\"lazy\" decoding=\"async\" width=\"500\" height=\"375\" src=\"https:\/\/hb9sota.ch\/wp-content\/uploads\/2025\/09\/SWW-1.jpg\" alt=\"\" class=\"wp-image-11361\" srcset=\"https:\/\/hb9sota.ch\/wp-content\/uploads\/2025\/09\/SWW-1.jpg 500w, https:\/\/hb9sota.ch\/wp-content\/uploads\/2025\/09\/SWW-1-300x225.jpg 300w, https:\/\/hb9sota.ch\/wp-content\/uploads\/2025\/09\/SWW-1-100x75.jpg 100w, https:\/\/hb9sota.ch\/wp-content\/uploads\/2025\/09\/SWW-1-150x113.jpg 150w, https:\/\/hb9sota.ch\/wp-content\/uploads\/2025\/09\/SWW-1-200x150.jpg 200w, https:\/\/hb9sota.ch\/wp-content\/uploads\/2025\/09\/SWW-1-450x338.jpg 450w\" sizes=\"auto, (max-width: 500px) 100vw, 500px\" \/><\/a><\/figure>\n","protected":false},"excerpt":{"rendered":"<p>Le 16 ao\u00f9t a eu lieu la randonn\u00e9e d\u2019\u00e9t\u00e9 romande au d\u00e9part du Val du Gros Mont entre Charmey et Im Fang dans la Gruy\u00e8re fribourgeoise.Une tr\u00e8s belle journ\u00e9e pleine d\u2019\u00e9motions et de soleil. En deux mots voici le r\u00e9sum\u00e9 &hellip;<\/p>\n<p class=\"read-more\"> <a class=\"more-link\" href=\"https:\/\/hb9sota.ch\/fr\/blog\/randonnee-dete-ouest\/\"> <span class=\"screen-reader-text\">Randonn\u00e9e d&rsquo;\u00e9t\u00e9 Ouest<\/span> Read More &raquo;<\/a><\/p>\n","protected":false},"author":133,"featured_media":0,"comment_status":"closed","ping_status":"closed","sticky":false,"template":"","format":"standard","meta":{"publish_to_discourse":"","publish_post_category":"1","wpdc_auto_publish_overridden":"","wpdc_topic_tags":"","wpdc_pin_topic":"","wpdc_pin_until":"","discourse_post_id":"65","discourse_permalink":"https:\/\/forum.hb9sota.ch\/t\/randonnee-dete-ouest\/40","wpdc_publishing_response":"success","wpdc_publishing_error":"","footnotes":""},"categories":[28],"tags":[],"class_list":["post-11360","post","type-post","status-publish","format-standard","hentry","category-actualites"],"_links":{"self":[{"href":"https:\/\/hb9sota.ch\/fr\/wp-json\/wp\/v2\/posts\/11360","targetHints":{"allow":["GET"]}}],"collection":[{"href":"https:\/\/hb9sota.ch\/fr\/wp-json\/wp\/v2\/posts"}],"about":[{"href":"https:\/\/hb9sota.ch\/fr\/wp-json\/wp\/v2\/types\/post"}],"author":[{"embeddable":true,"href":"https:\/\/hb9sota.ch\/fr\/wp-json\/wp\/v2\/users\/133"}],"replies":[{"embeddable":true,"href":"https:\/\/hb9sota.ch\/fr\/wp-json\/wp\/v2\/comments?post=11360"}],"version-history":[{"count":2,"href":"https:\/\/hb9sota.ch\/fr\/wp-json\/wp\/v2\/posts\/11360\/revisions"}],"predecessor-version":[{"id":11372,"href":"https:\/\/hb9sota.ch\/fr\/wp-json\/wp\/v2\/posts\/11360\/revisions\/11372"}],"wp:attachment":[{"href":"https:\/\/hb9sota.ch\/fr\/wp-json\/wp\/v2\/media?parent=11360"}],"wp:term":[{"taxonomy":"category","embeddable":true,"href":"https:\/\/hb9sota.ch\/fr\/wp-json\/wp\/v2\/categories?post=11360"},{"taxonomy":"post_tag","embeddable":true,"href":"https:\/\/hb9sota.ch\/fr\/wp-json\/wp\/v2\/tags?post=11360"}],"curies":[{"name":"wp","href":"https:\/\/api.w.org\/{rel}","templated":true}]}}