{"id":6247,"date":"2022-02-13T20:50:55","date_gmt":"2022-02-13T19:50:55","guid":{"rendered":"https:\/\/hb9sota.ch\/?p=6247"},"modified":"2024-09-11T13:29:30","modified_gmt":"2024-09-11T11:29:30","slug":"update-zur-hb9sota-winterwanderung-19-02-2022","status":"publish","type":"post","link":"https:\/\/hb9sota.ch\/en\/blog\/update-zur-hb9sota-winterwanderung-19-02-2022\/","title":{"rendered":"Update zur HB9SOTA Winterwanderung 19.02.2022"},"content":{"rendered":"\n<p>Liebe Teilnehmer der HB9SOTA Winterwanderung,<br><\/p>\n\n\n\n<p>Ich freue mich, dass insgesamt 18 Personen an der diesj\u00e4hrigen Winterwanderung teilnehmen werden.&nbsp; Hier nun ein paar Informationen f\u00fcr die Teilnehmer:<br><\/p>\n\n\n\n<p>Jeder Teilnehmer plant seine Aktivierung zeitlich und \u00f6rtlich selbst. Die Aktivierungszone erstreckt sich \u00fcber eine L\u00e4nge von ca. 500m, so dass sich die Aktivierung auch problemlos durchf\u00fchren l\u00e4sst.<br><\/p>\n\n\n\n<p>Zum gem\u00fctlichen Beisammensein im Berggasthaus Rigi-Scheidegg treffen wir uns dann um 15:00 Uhr. Es sind entsprechend Pl\u00e4tze reserviert, ich bitte Euch, m\u00f6glichst um diese Zeit dort einzutreffen. M\u00f6glicherweise wird ja diese Woche die Zertifikatspflicht aufgehoben. Falls Ihr Euch ohne Zertifikatspflicht f\u00fcr die Teilnahme umentscheiden m\u00f6chtet, teilt es mir bitte schnellstm\u00f6glich mit.<\/p>\n\n\n\n<p>Ich selbst werde leider nicht an der Wanderung auf die Dosse teilnehmen, da ich nach einer H\u00fcftoperation noch nicht soweit bin, die 2x2km auf Schneeschuhen zu bew\u00e4ltigen. Vom Vorstand werden Ren\u00e9 HB9PIM, Sabrina HB3XTZ und Manuel HB9DQM teilnehmen. Ich plane, von der Rigi Kulm aus als S2S QSO Partner zur Verf\u00fcgung zu stehen, und&nbsp; dann um 15:00h an den Anlass im Berggasthaus Scheidegg zu kommen.<br><\/p>\n\n\n\n<p>Stand heute l\u00e4sst sich noch nicht so richtig sagen, ob das Wetter f\u00fcr eine Aktivierung passen w\u00fcrde. Wir werden den Wetterbericht im Auge behalten, und 1-2 Tage vor der Wanderung entscheiden, ob wir auf den Reservetermin ausweichen m\u00fcssen.<br><\/p>\n\n\n\n<p>73 Jens HB9EKO<br><\/p>\n","protected":false},"excerpt":{"rendered":"<p>Liebe Teilnehmer der HB9SOTA Winterwanderung, Ich freue mich, dass insgesamt 18 Personen an der diesj\u00e4hrigen Winterwanderung teilnehmen werden.&nbsp; Hier nun ein paar Informationen f\u00fcr die Teilnehmer: Jeder Teilnehmer plant seine Aktivierung zeitlich und \u00f6rtlich selbst. Die Aktivierungszone erstreckt sich \u00fcber &hellip;<\/p>\n<p class=\"read-more\"> <a class=\"more-link\" href=\"https:\/\/hb9sota.ch\/en\/blog\/update-zur-hb9sota-winterwanderung-19-02-2022\/\"> <span class=\"screen-reader-text\">Update zur HB9SOTA Winterwanderung 19.02.2022<\/span> Read More &raquo;<\/a><\/p>\n","protected":false},"author":133,"featured_media":0,"comment_status":"closed","ping_status":"closed","sticky":false,"template":"","format":"standard","meta":{"publish_to_discourse":"","publish_post_category":"","wpdc_auto_publish_overridden":"","wpdc_topic_tags":"","wpdc_pin_topic":"","wpdc_pin_until":"","discourse_post_id":"","discourse_permalink":"","wpdc_publishing_response":"","wpdc_publishing_error":"","footnotes":""},"categories":[26],"tags":[],"class_list":["post-6247","post","type-post","status-publish","format-standard","hentry","category-news"],"_links":{"self":[{"href":"https:\/\/hb9sota.ch\/en\/wp-json\/wp\/v2\/posts\/6247","targetHints":{"allow":["GET"]}}],"collection":[{"href":"https:\/\/hb9sota.ch\/en\/wp-json\/wp\/v2\/posts"}],"about":[{"href":"https:\/\/hb9sota.ch\/en\/wp-json\/wp\/v2\/types\/post"}],"author":[{"embeddable":true,"href":"https:\/\/hb9sota.ch\/en\/wp-json\/wp\/v2\/users\/133"}],"replies":[{"embeddable":true,"href":"https:\/\/hb9sota.ch\/en\/wp-json\/wp\/v2\/comments?post=6247"}],"version-history":[{"count":1,"href":"https:\/\/hb9sota.ch\/en\/wp-json\/wp\/v2\/posts\/6247\/revisions"}],"predecessor-version":[{"id":6248,"href":"https:\/\/hb9sota.ch\/en\/wp-json\/wp\/v2\/posts\/6247\/revisions\/6248"}],"wp:attachment":[{"href":"https:\/\/hb9sota.ch\/en\/wp-json\/wp\/v2\/media?parent=6247"}],"wp:term":[{"taxonomy":"category","embeddable":true,"href":"https:\/\/hb9sota.ch\/en\/wp-json\/wp\/v2\/categories?post=6247"},{"taxonomy":"post_tag","embeddable":true,"href":"https:\/\/hb9sota.ch\/en\/wp-json\/wp\/v2\/tags?post=6247"}],"curies":[{"name":"wp","href":"https:\/\/api.w.org\/{rel}","templated":true}]}}