{"id":11366,"date":"2025-09-18T09:10:14","date_gmt":"2025-09-18T07:10:14","guid":{"rendered":"https:\/\/hb9sota.ch\/?p=11366"},"modified":"2025-09-21T17:10:15","modified_gmt":"2025-09-21T15:10:15","slug":"sommerwanderung-west","status":"publish","type":"post","link":"https:\/\/hb9sota.ch\/en\/blog\/sommerwanderung-west\/","title":{"rendered":"Sommerwanderung West"},"content":{"rendered":"\n<p>Am 16. August fand die Westschweizer Sommerwanderung vom Val du Gros Mont aus zwischen Charmey und Im Fang im freiburgischen Greyerzerland statt.<br>Ein sehr sch\u00f6ner Tag voller Emotionen und Sonnenschein.<\/p>\n\n\n\n<p>Hier ist eine Zusammenfassung des Tagesablaufs:<\/p>\n\n\n\n<p>Zwei Teams haben sich vom Val du Gros Mont aus auf den Weg gemacht:<br>das eine in Richtung Osten, die Deutschsprachigen, die auf zwei verschiedenen Wegen die Hochmatt (HB\/FR-010) aktiviert haben.<br>und das andere, die Franz\u00f6sischsprachigen, die zwangsl\u00e4ufig in Richtung Westen unterwegs sind und zum Gros Haut Cr\u00eat (HB\/FR-043) aufgestiegen sind.<\/p>\n\n\n\n<p>Einige Kilometer bergauf sp\u00e4ter und sch\u00f6ne QSOs trotz schwieriger Ausbreitungsbedingungen, trafen sich alle mit viel Freude in der Buvette des Invuettes. Unser kalifornischer Gast Derrick K6SPX entdeckte den Doppelrahm des Greyerzerlandes. <\/p>\n\n\n\n<figure class=\"wp-block-image size-full\"><a href=\"https:\/\/hb9sota.ch\/wp-content\/uploads\/2025\/09\/SWW-2-1.jpg\"><img loading=\"lazy\" decoding=\"async\" width=\"210\" height=\"375\" src=\"https:\/\/hb9sota.ch\/wp-content\/uploads\/2025\/09\/SWW-2-1.jpg\" alt=\"\" class=\"wp-image-11373\" srcset=\"https:\/\/hb9sota.ch\/wp-content\/uploads\/2025\/09\/SWW-2-1.jpg 210w, https:\/\/hb9sota.ch\/wp-content\/uploads\/2025\/09\/SWW-2-1-168x300.jpg 168w, https:\/\/hb9sota.ch\/wp-content\/uploads\/2025\/09\/SWW-2-1-100x179.jpg 100w, https:\/\/hb9sota.ch\/wp-content\/uploads\/2025\/09\/SWW-2-1-150x268.jpg 150w, https:\/\/hb9sota.ch\/wp-content\/uploads\/2025\/09\/SWW-2-1-200x357.jpg 200w\" sizes=\"auto, (max-width: 210px) 100vw, 210px\" \/><\/a><\/figure>\n\n\n\n<p><\/p>\n\n\n\n<figure class=\"wp-block-image size-full\"><a href=\"https:\/\/hb9sota.ch\/wp-content\/uploads\/2025\/09\/SWW-1.jpg\"><img loading=\"lazy\" decoding=\"async\" width=\"500\" height=\"375\" src=\"https:\/\/hb9sota.ch\/wp-content\/uploads\/2025\/09\/SWW-1.jpg\" alt=\"\" class=\"wp-image-11361\" srcset=\"https:\/\/hb9sota.ch\/wp-content\/uploads\/2025\/09\/SWW-1.jpg 500w, https:\/\/hb9sota.ch\/wp-content\/uploads\/2025\/09\/SWW-1-300x225.jpg 300w, https:\/\/hb9sota.ch\/wp-content\/uploads\/2025\/09\/SWW-1-100x75.jpg 100w, https:\/\/hb9sota.ch\/wp-content\/uploads\/2025\/09\/SWW-1-150x113.jpg 150w, https:\/\/hb9sota.ch\/wp-content\/uploads\/2025\/09\/SWW-1-200x150.jpg 200w, https:\/\/hb9sota.ch\/wp-content\/uploads\/2025\/09\/SWW-1-450x338.jpg 450w\" sizes=\"auto, (max-width: 500px) 100vw, 500px\" \/><\/a><\/figure>\n","protected":false},"excerpt":{"rendered":"<p>Am 16. August fand die Westschweizer Sommerwanderung vom Val du Gros Mont aus zwischen Charmey und Im Fang im freiburgischen Greyerzerland statt.Ein sehr sch\u00f6ner Tag voller Emotionen und Sonnenschein. Hier ist eine Zusammenfassung des Tagesablaufs: Zwei Teams haben sich vom &hellip;<\/p>\n<p class=\"read-more\"> <a class=\"more-link\" href=\"https:\/\/hb9sota.ch\/en\/blog\/sommerwanderung-west\/\"> <span class=\"screen-reader-text\">Sommerwanderung West<\/span> Read More &raquo;<\/a><\/p>\n","protected":false},"author":133,"featured_media":0,"comment_status":"closed","ping_status":"closed","sticky":false,"template":"","format":"standard","meta":{"publish_to_discourse":"","publish_post_category":"13","wpdc_auto_publish_overridden":"1","wpdc_topic_tags":"","wpdc_pin_topic":"","wpdc_pin_until":"","discourse_post_id":"63","discourse_permalink":"https:\/\/forum.hb9sota.ch\/t\/sommerwanderung-west\/38","wpdc_publishing_response":"success","wpdc_publishing_error":"","footnotes":""},"categories":[129],"tags":[],"class_list":["post-11366","post","type-post","status-publish","format-standard","hentry","category-aktuelles"],"_links":{"self":[{"href":"https:\/\/hb9sota.ch\/en\/wp-json\/wp\/v2\/posts\/11366","targetHints":{"allow":["GET"]}}],"collection":[{"href":"https:\/\/hb9sota.ch\/en\/wp-json\/wp\/v2\/posts"}],"about":[{"href":"https:\/\/hb9sota.ch\/en\/wp-json\/wp\/v2\/types\/post"}],"author":[{"embeddable":true,"href":"https:\/\/hb9sota.ch\/en\/wp-json\/wp\/v2\/users\/133"}],"replies":[{"embeddable":true,"href":"https:\/\/hb9sota.ch\/en\/wp-json\/wp\/v2\/comments?post=11366"}],"version-history":[{"count":3,"href":"https:\/\/hb9sota.ch\/en\/wp-json\/wp\/v2\/posts\/11366\/revisions"}],"predecessor-version":[{"id":11394,"href":"https:\/\/hb9sota.ch\/en\/wp-json\/wp\/v2\/posts\/11366\/revisions\/11394"}],"wp:attachment":[{"href":"https:\/\/hb9sota.ch\/en\/wp-json\/wp\/v2\/media?parent=11366"}],"wp:term":[{"taxonomy":"category","embeddable":true,"href":"https:\/\/hb9sota.ch\/en\/wp-json\/wp\/v2\/categories?post=11366"},{"taxonomy":"post_tag","embeddable":true,"href":"https:\/\/hb9sota.ch\/en\/wp-json\/wp\/v2\/tags?post=11366"}],"curies":[{"name":"wp","href":"https:\/\/api.w.org\/{rel}","templated":true}]}}